{"id":34949,"date":"2016-06-15T11:01:25","date_gmt":"2016-06-15T10:01:25","guid":{"rendered":"http:\/\/dev.bikloz.net\/attitude-sauvignon-blanc-2013-aboard-tere-moana-cruise\/"},"modified":"2023-01-03T17:57:33","modified_gmt":"2023-01-03T16:57:33","slug":"attitude-sauvignon-blanc-2013-a-bordo-della-crociera-tere-moana","status":"publish","type":"post","link":"https:\/\/pascaljolivet.com\/it\/attitude-sauvignon-blanc-2013-aboard-tere-moana-cruise\/","title":{"rendered":"Attitude Sauvignon Blanc 2013 a bordo della crociera Tere Moana"},"content":{"rendered":"<p>La Moana naviga nei Caraibi e in America Latina durante i mesi invernali e in Europa durante il resto dell&#039;anno. Con una capacit\u00e0 di soli 88 ospiti, la nave rispecchia gli elevati standard di qualit\u00e0 e servizio gi\u00e0 stabiliti per la compagnia di crociere dalla m\/s Paul Gauguin. \u00c8 stata recentemente nominata &quot;Migliore Nuova Piccola Nave&quot; e &quot;Miglior Modo per Vedere le Isole Greche&quot; agli Editors&#039; Choice Awards di Cruisereport.com. Cabine spaziose, due ristoranti, L&#039;Etoile e La Veranda, e una lussuosa spa sono tra i suoi esclusivi servizi. Non c&#039;\u00e8 modo migliore per vivere l&#039;Europa, i Caraibi o l&#039;America Latina che a bordo di questa nave elegante, sofisticata e intima.<\/p>\n<p><img loading=\"lazy\" decoding=\"async\" class=\"size-medium wp-image-34946 alignright\" src=\"https:\/\/pascaljolivet.com\/wp-content\/uploads\/2014\/10\/dining-300x209-300x209.png\" alt=\"\" width=\"300\" height=\"209\" \/> <span style=\"text-decoration: underline;\">Ristorazione raffinata in alto mare<\/span><\/p>\n<p>Jean-Pierre Vigato, chef di fama mondiale e proprietario del ristorante Apicius di Parigi, premiato con due stelle Michelin, progettato appositamente per le crociere del 2014. La sua cucina pluripremiata \u00e8 presente nei piatti d&#039;autore del ristorante l&#039;Etoile sulla Moana.<\/p>\n<p>Domaine Pascal Jolivet \u00e8 lieto di far parte di questa straordinaria esperienza offrendovi a bordo Attitude Sauvignon Blanc 2013.<\/p>","protected":false},"excerpt":{"rendered":"<p>Domaine Pascal Jolivet \u00e8 lieto di far parte di questa straordinaria esperienza offrendovi a bordo Attitude Sauvignon Blanc 2013. <\/p>","protected":false},"author":2,"featured_media":0,"comment_status":"closed","ping_status":"closed","sticky":false,"template":"","format":"standard","meta":{"_acf_changed":false,"_seopress_robots_primary_cat":"","_seopress_titles_title":"","_seopress_titles_desc":"","_seopress_robots_index":"","inline_featured_image":false,"footnotes":""},"categories":[83],"tags":[],"class_list":["post-34949","post","type-post","status-publish","format-standard","hentry","category-actualites"],"acf":[],"_links":{"self":[{"href":"https:\/\/pascaljolivet.com\/it\/wp-json\/wp\/v2\/posts\/34949","targetHints":{"allow":["GET"]}}],"collection":[{"href":"https:\/\/pascaljolivet.com\/it\/wp-json\/wp\/v2\/posts"}],"about":[{"href":"https:\/\/pascaljolivet.com\/it\/wp-json\/wp\/v2\/types\/post"}],"author":[{"embeddable":true,"href":"https:\/\/pascaljolivet.com\/it\/wp-json\/wp\/v2\/users\/2"}],"replies":[{"embeddable":true,"href":"https:\/\/pascaljolivet.com\/it\/wp-json\/wp\/v2\/comments?post=34949"}],"version-history":[{"count":1,"href":"https:\/\/pascaljolivet.com\/it\/wp-json\/wp\/v2\/posts\/34949\/revisions"}],"predecessor-version":[{"id":49622,"href":"https:\/\/pascaljolivet.com\/it\/wp-json\/wp\/v2\/posts\/34949\/revisions\/49622"}],"wp:attachment":[{"href":"https:\/\/pascaljolivet.com\/it\/wp-json\/wp\/v2\/media?parent=34949"}],"wp:term":[{"taxonomy":"category","embeddable":true,"href":"https:\/\/pascaljolivet.com\/it\/wp-json\/wp\/v2\/categories?post=34949"},{"taxonomy":"post_tag","embeddable":true,"href":"https:\/\/pascaljolivet.com\/it\/wp-json\/wp\/v2\/tags?post=34949"}],"curies":[{"name":"parola chiave","href":"https:\/\/api.w.org\/{rel}","templated":true}]}}