{"id":3961,"date":"2017-05-22T17:32:30","date_gmt":"2017-05-22T16:32:30","guid":{"rendered":"http:\/\/dev.bikloz.net\/news-post-1\/"},"modified":"2023-01-03T17:57:04","modified_gmt":"2023-01-03T16:57:04","slug":"jancis-robinson-16-520-fur-den-pouilly-fume-indigene-2014","status":"publish","type":"post","link":"https:\/\/pascaljolivet.com\/de\/jancis-robinson-16-520-for-the-pouilly-fume-indigene-2014\/","title":{"rendered":"Jancis Robinson \u2013 16,5\/20 f\u00fcr den Pouilly-Fum\u00e9 \u201eIndig\u00e8ne\u201c 2014"},"content":{"rendered":"<p><strong><img loading=\"lazy\" decoding=\"async\" class=\"size-full wp-image-4584 alignright\" src=\"https:\/\/pascaljolivet.com\/wp-content\/uploads\/2012\/01\/fancisrobinson.jpg\" alt=\"\" width=\"252\" height=\"200\" \/><img loading=\"lazy\" decoding=\"async\" class=\"size-medium wp-image-3794 alignleft\" src=\"https:\/\/pascaljolivet.com\/wp-content\/uploads\/2017\/04\/Indigene-212x300.png\" alt=\"\" width=\"212\" height=\"300\" \/>16,5 Punkte<\/strong><\/p>\n<p>Pouilly-Fum\u00e9 \u201eIndigenous\u201c 2014<\/p>\n<hr \/>\n<p>Verschnitt aus einer parzellenweisen Auswahl alter Rebst\u00f6cke, die auf reinem Feuersteinboden im Herzen der Gemeinde Tracy-sur-Loire gepflanzt wurden. 12 Monate auf der Feinhefe in Edelstahltanks gereift. Keine Filtration oder K\u00fchlung vor der Abf\u00fcllung. Indig\u00e8ne erhielt seinen Namen aufgrund der daf\u00fcr verantwortlichen einheimischen Hefen. 10.000 Flaschen abgef\u00fcllt. Sehr rassig und gehoben. Tanzend. Jetzt leicht und lieblich. Knochentrocken und mit sehr ausgepr\u00e4gter S\u00e4ure und gr\u00fcnen Noten. Lang.<\/p>","protected":false},"excerpt":{"rendered":"<p>16,5 Punkte Pouilly-Fum\u00e9 \u201eIndig\u00e8ne\u201c 2014. Verschnitt aus einer parzellenweisen Auswahl alter Rebst\u00f6cke, die auf reinem Feuersteinboden im Herzen der Gemeinde Tracy-sur-Loire gepflanzt wurden. 12 Monate auf der Feinhefe in Edelstahltanks gereift. Keine Filtration oder K\u00fchlung vor der Abf\u00fcllung. Indig\u00e8ne erhielt seinen Namen aufgrund der daf\u00fcr verantwortlichen einheimischen Hefen. 10.000\u2026<\/p>","protected":false},"author":2,"featured_media":4592,"comment_status":"closed","ping_status":"closed","sticky":false,"template":"","format":"standard","meta":{"_acf_changed":false,"_seopress_robots_primary_cat":"","_seopress_titles_title":"","_seopress_titles_desc":"","_seopress_robots_index":"","inline_featured_image":false,"footnotes":""},"categories":[83],"tags":[91,107],"class_list":["post-3961","post","type-post","status-publish","format-standard","has-post-thumbnail","hentry","category-actualites","tag-vin-fr","tag-white-en"],"acf":[],"_links":{"self":[{"href":"https:\/\/pascaljolivet.com\/de\/wp-json\/wp\/v2\/posts\/3961","targetHints":{"allow":["GET"]}}],"collection":[{"href":"https:\/\/pascaljolivet.com\/de\/wp-json\/wp\/v2\/posts"}],"about":[{"href":"https:\/\/pascaljolivet.com\/de\/wp-json\/wp\/v2\/types\/post"}],"author":[{"embeddable":true,"href":"https:\/\/pascaljolivet.com\/de\/wp-json\/wp\/v2\/users\/2"}],"replies":[{"embeddable":true,"href":"https:\/\/pascaljolivet.com\/de\/wp-json\/wp\/v2\/comments?post=3961"}],"version-history":[{"count":1,"href":"https:\/\/pascaljolivet.com\/de\/wp-json\/wp\/v2\/posts\/3961\/revisions"}],"predecessor-version":[{"id":49567,"href":"https:\/\/pascaljolivet.com\/de\/wp-json\/wp\/v2\/posts\/3961\/revisions\/49567"}],"wp:featuredmedia":[{"embeddable":true,"href":"https:\/\/pascaljolivet.com\/de\/wp-json\/"}],"wp:attachment":[{"href":"https:\/\/pascaljolivet.com\/de\/wp-json\/wp\/v2\/media?parent=3961"}],"wp:term":[{"taxonomy":"category","embeddable":true,"href":"https:\/\/pascaljolivet.com\/de\/wp-json\/wp\/v2\/categories?post=3961"},{"taxonomy":"post_tag","embeddable":true,"href":"https:\/\/pascaljolivet.com\/de\/wp-json\/wp\/v2\/tags?post=3961"}],"curies":[{"name":"wp","href":"https:\/\/api.w.org\/{rel}","templated":true}]}}