{"id":35083,"date":"2018-02-26T16:29:30","date_gmt":"2018-02-26T15:29:30","guid":{"rendered":"https:\/\/pascaljolivet.com\/?p=35083"},"modified":"2018-11-18T20:19:34","modified_gmt":"2018-11-18T19:19:34","slug":"wp-content-uploads-2018-02-pressespiegel-2018-allein-pdf-2","status":"publish","type":"post","link":"https:\/\/pascaljolivet.com\/de\/wp-content-uploads-2018-02-press-review-2018-seule-pdf-2\/","title":{"rendered":"Wine Spectator von James Molesworth"},"content":{"rendered":"<h2 style=\"padding-left: 60px;\"><span style=\"color: #339966;\">\u00a0<\/span><\/h2>\n<p>&nbsp;<\/p>\n<p>&nbsp;<\/p>\n<p>&nbsp;<\/p>\n<h2><img loading=\"lazy\" decoding=\"async\" class=\"wp-image-4195 alignleft\" src=\"https:\/\/pascaljolivet.com\/wp-content\/uploads\/2017\/06\/pj-caillottesterresblanches-t-blanches-etiq-100x100.jpg\" alt=\"\" width=\"145\" height=\"130\" \/> <strong><span style=\"color: #339966;\">92 Punkte<\/span> <\/strong>Pouilly Fum\u00e9 \u201eLes Terres Blanches\u201c 2016.<\/h2>\n<p>Ein echter Degen mit Noten von Feuerstein, Schnittlauch und Thymian, die dahinpl\u00e4tschern und zwischendurch mit Akzenten von Sel Gris und Kreide gesprenkelt sind.<\/p>\n<p>Lang und sehr pr\u00e4zise. Braucht etwas Zeit zum Abklingen.<\/p>\n<p>&nbsp;<\/p>\n<p>&nbsp;<\/p>\n<p>&nbsp;<\/p>\n<p>&nbsp;<\/p>\n<h2><img loading=\"lazy\" decoding=\"async\" class=\"wp-image-4189 alignleft\" src=\"https:\/\/pascaljolivet.com\/wp-content\/uploads\/2017\/06\/Etiquette-Le-Ch\u00eane-Marchand-2016-300x267.jpg\" alt=\"\" width=\"145\" height=\"129\" \/><strong><span style=\"color: #339966;\">92 Punkte<\/span> <\/strong>Sancerre White \u201eLe Ch\u00eane Marchand\u201c 2016<\/h2>\n<p>Ein belebend frischer, kantiger Stil mit durchdringenden Limetten- und Feuersteinnoten, abgerundet mit einem Hauch von Rauch. Der st\u00e4hlerne Abgang ist wundersch\u00f6n. Lang und k\u00f6stlich, mit dem typischen Profil des Jahrgangs.<\/p>\n<p>&nbsp;<\/p>\n<p>&nbsp;<\/p>\n<p>&nbsp;<\/p>\n<p><img loading=\"lazy\" decoding=\"async\" class=\"wp-image-35089 alignleft\" src=\"https:\/\/pascaljolivet.com\/wp-content\/uploads\/2018\/02\/pj-gammeparcellaire-cote-etiq-100x100.jpg\" alt=\"\" width=\"155\" height=\"139\" \/><\/p>\n<h2><strong><span style=\"color: #339966;\">91 Punkte<\/span><\/strong> Sancerre Wei\u00dfwein \u201eLa C\u00f4te\u201c 2015<\/h2>\n<p>Lebendig, mit Noten von Stachelbeere, Zitronenschale und Gei\u00dfblatt, untermalt von einem rassigen, k\u00f6stlichen, thymianbetonten Abgang.<\/p>\n<p>&nbsp;<\/p>\n<p>&nbsp;<\/p>\n<p>&nbsp;<\/p>\n<p><img loading=\"lazy\" decoding=\"async\" class=\"wp-image-35085 alignleft\" src=\"https:\/\/pascaljolivet.com\/wp-content\/uploads\/2018\/02\/pj-gammeparcellaire-roc-etiq-100x100.jpg\" alt=\"\" width=\"145\" height=\"130\" \/><\/p>\n<h2><strong><span style=\"color: #339966;\">91 Punkte<\/span> <\/strong>Sancerre Blanc \u201eLe Roc\u201c 2015<\/h2>\n<p>Eher f\u00fcllig, mit Noten von Zitronenquark und Stachelbeergelee, untermalt von leichten Eisenkraut- und Rauchakzenten. Bis zum Abgang ist die Spritzigkeit sp\u00fcrbar.<\/p>\n<h2><\/h2>\n<p>&nbsp;<\/p>\n<p>&nbsp;<\/p>\n<p>&nbsp;<\/p>\n<p><img loading=\"lazy\" decoding=\"async\" class=\"wp-image-35087 alignleft\" src=\"https:\/\/pascaljolivet.com\/wp-content\/uploads\/2018\/02\/Grand-Chemarin-2015--300x269.png\" alt=\"\" width=\"145\" height=\"130\" srcset=\"https:\/\/pascaljolivet.com\/wp-content\/uploads\/2018\/02\/Grand-Chemarin-2015--300x269.png 300w, https:\/\/pascaljolivet.com\/wp-content\/uploads\/2018\/02\/Grand-Chemarin-2015-.png 505w\" sizes=\"auto, (max-width: 145px) 100vw, 145px\" \/><\/p>\n<h2><strong><span style=\"color: #339966;\">91 Punkte<\/span><\/strong> Sancerre Blanc \u201eLe Grand Chemarin\u201c 2015<\/h2>\n<p>Zeigt das pralle Profil des Jahrgangs mit Noten von Stachelbeergelee, Zitronenquark und Paraffin, obwohl im Abgang ein lebhafter Thymianakzent und eine saftige S\u00e4ure sp\u00fcrbar sind und f\u00fcr die Ehrlichkeit sorgen.<\/p>\n<p>&nbsp;<\/p>\n<p>&nbsp;<\/p>","protected":false},"excerpt":{"rendered":"<p>\u00a0 &nbsp; &nbsp; &nbsp; 92 Punkte Pouilly Fum\u00e9 \u201eLes Terres Blanches\u201c 2016. Ein wahrer Degen mit Noten von Feuerstein, Schnittlauch und Thymian, die sich durchziehen, gesprenkelt mit Salz- und Kreideakzenten. Lang und sehr pr\u00e4zise. Braucht etwas Zeit, um sich zu entfalten. 92 Punkte Sancerre Wei\u00dfwein \u201eLe Ch\u00eane Marchand\u201c 2016 Jahr\u2026<\/p>","protected":false},"author":2,"featured_media":35095,"comment_status":"closed","ping_status":"closed","sticky":false,"template":"","format":"standard","meta":{"_acf_changed":false,"_seopress_robots_primary_cat":"","_seopress_titles_title":"","_seopress_titles_desc":"","_seopress_robots_index":"","inline_featured_image":false,"footnotes":""},"categories":[83],"tags":[85,87,89,91],"class_list":["post-35083","post","type-post","status-publish","format-standard","has-post-thumbnail","hentry","category-actualites","tag-notation-fr","tag-prix-fr","tag-sancerre-fr","tag-vin-fr"],"acf":[],"_links":{"self":[{"href":"https:\/\/pascaljolivet.com\/de\/wp-json\/wp\/v2\/posts\/35083","targetHints":{"allow":["GET"]}}],"collection":[{"href":"https:\/\/pascaljolivet.com\/de\/wp-json\/wp\/v2\/posts"}],"about":[{"href":"https:\/\/pascaljolivet.com\/de\/wp-json\/wp\/v2\/types\/post"}],"author":[{"embeddable":true,"href":"https:\/\/pascaljolivet.com\/de\/wp-json\/wp\/v2\/users\/2"}],"replies":[{"embeddable":true,"href":"https:\/\/pascaljolivet.com\/de\/wp-json\/wp\/v2\/comments?post=35083"}],"version-history":[{"count":0,"href":"https:\/\/pascaljolivet.com\/de\/wp-json\/wp\/v2\/posts\/35083\/revisions"}],"wp:featuredmedia":[{"embeddable":true,"href":"https:\/\/pascaljolivet.com\/de\/wp-json\/wp\/v2\/media\/35095"}],"wp:attachment":[{"href":"https:\/\/pascaljolivet.com\/de\/wp-json\/wp\/v2\/media?parent=35083"}],"wp:term":[{"taxonomy":"category","embeddable":true,"href":"https:\/\/pascaljolivet.com\/de\/wp-json\/wp\/v2\/categories?post=35083"},{"taxonomy":"post_tag","embeddable":true,"href":"https:\/\/pascaljolivet.com\/de\/wp-json\/wp\/v2\/tags?post=35083"}],"curies":[{"name":"wp","href":"https:\/\/api.w.org\/{rel}","templated":true}]}}